{"id":6197,"date":"2019-12-12T13:37:32","date_gmt":"2019-12-12T12:37:32","guid":{"rendered":"https:\/\/ivansiller.com\/uncategorized\/vianoce-s-ricercatou-adrian-democ-vo-svetovej-premiere\/"},"modified":"2020-06-02T00:45:58","modified_gmt":"2020-06-01T22:45:58","slug":"vianoce-s-ricercatou-adrian-democ-vo-svetovej-premiere","status":"publish","type":"post","link":"https:\/\/ivansiller.com\/en\/uncategorized\/vianoce-s-ricercatou-adrian-democ-vo-svetovej-premiere\/","title":{"rendered":"Adri\u00e1n Demo\u010d in World Premiere"},"content":{"rendered":"<p>On December 19th, Ensemble Ricercata is going to premiere two pieces by Adri\u00e1n Demo\u010d, a Slovak composer.<\/p>\n<p><!--more--><\/p>\n<p>\u201c\u017diadba\u00a0(*an archaic Slovak word referring to desire) for simplification, for what is substantial, for new wind in the form of two short parts.\u00a0\u017diadba\u00a0for pulsation (in the 1st part) and the melody without blossoms consisting of natural harmonics,\u201d Adri\u00e1n Demo\u010d explains the piece.<\/p>\n<p>This is what he says about the piece\u00a0Ma fin est mon commencement for clarinet, violin, and piano: \u201cThe keywords: Music. Pianissimo. Trio. Schumann. Purcell (Fantasia upon one note). Counterpoint. Ricercata.\u201d<\/p>\n<p>&nbsp;<\/p>\n<p>The concert program further consists of works by Robert Schumann and Gy\u00f6rgy Kurt\u00e1g. The ensemble is going to play select pieces from the vocal cycle\u00a0A Woman\u00b4s Life and Love, op. 42 as well as\u00a0Fairy Tales, op. 132 for clarinet, violin, and piano, which belongs among the top works of Schumann.<\/p>\n<p>&nbsp;<\/p>\n<p>Kurt\u00e1g\u00b4s\u00a0Hommage \u00e0 R. Sch., op. 15d\u00a0is a tribute to Robert Schumann. As Andrea B\u00e1le\u0161ov\u00e1 (*the author of the accompanying text for the concert bulletin) says: \u201cThe cycle draws our attention to the philosophical message of Robert Schumann, which he left as a music reviewer and writer. To understand Kurt\u00e1g\u00b4s music requires only to have an open heart and a mind willing to accept the new.\u201d<\/p>\n<p>&nbsp;<\/p>\n<p>Ivan \u0160iller cordially invites you for an evening full of\u00a0\u017diadba on\u00a0December 19th, 2019 at 7 pm in the Great Concert Hall of the Slovak Radio Building in Bratislava.<\/p>\n<p>&nbsp;<\/p>\n<p>Photo: Martin Hrubo\u0161<\/p>\n","protected":false},"excerpt":{"rendered":"<p>On December 19th, Ensemble Ricercata is going to premiere two pieces by Adri\u00e1n Demo\u010d, a Slovak composer.<\/p>\n","protected":false},"author":2,"featured_media":3889,"comment_status":"closed","ping_status":"closed","sticky":false,"template":"","format":"standard","meta":{"_acf_changed":false,"footnotes":""},"categories":[14],"tags":[],"class_list":["post-6197","post","type-post","status-publish","format-standard","has-post-thumbnail","hentry","category-uncategorized"],"acf":[],"yoast_head":"<!-- This site is optimized with the Yoast SEO plugin v22.7 - https:\/\/yoast.com\/wordpress\/plugins\/seo\/ -->\n<title>Adri\u00e1n Demo\u010d in World Premiere - Ivan \u0160iller<\/title>\n<meta name=\"robots\" content=\"index, follow, max-snippet:-1, max-image-preview:large, max-video-preview:-1\" \/>\n<link rel=\"canonical\" href=\"https:\/\/ivansiller.com\/en\/uncategorized\/vianoce-s-ricercatou-adrian-democ-vo-svetovej-premiere\/\" \/>\n<meta property=\"og:locale\" content=\"en_US\" \/>\n<meta property=\"og:type\" content=\"article\" \/>\n<meta property=\"og:title\" content=\"Adri\u00e1n Demo\u010d in World Premiere - Ivan \u0160iller\" \/>\n<meta property=\"og:description\" content=\"On December 19th, Ensemble Ricercata is going to premiere two pieces by Adri\u00e1n Demo\u010d, a Slovak composer.\" \/>\n<meta property=\"og:url\" content=\"https:\/\/ivansiller.com\/en\/uncategorized\/vianoce-s-ricercatou-adrian-democ-vo-svetovej-premiere\/\" \/>\n<meta property=\"og:site_name\" content=\"Ivan \u0160iller\" \/>\n<meta property=\"article:publisher\" content=\"https:\/\/www.facebook.com\/ivan.siller.1\" \/>\n<meta property=\"article:published_time\" content=\"2019-12-12T12:37:32+00:00\" \/>\n<meta property=\"article:modified_time\" content=\"2020-06-01T22:45:58+00:00\" \/>\n<meta property=\"og:image\" content=\"https:\/\/ivansiller.com\/wp-content\/uploads\/intermezzo-4-2.jpg\" \/>\n\t<meta property=\"og:image:width\" content=\"1200\" \/>\n\t<meta property=\"og:image:height\" content=\"801\" \/>\n\t<meta property=\"og:image:type\" content=\"image\/jpeg\" \/>\n<meta name=\"author\" content=\"Katka Uhrov\u00e1\" \/>\n<meta name=\"twitter:card\" content=\"summary_large_image\" \/>\n<meta name=\"twitter:creator\" content=\"@siller_pianist\" \/>\n<meta name=\"twitter:site\" content=\"@siller_pianist\" \/>\n<meta name=\"twitter:label1\" content=\"Written by\" \/>\n\t<meta name=\"twitter:data1\" content=\"Katka Uhrov\u00e1\" \/>\n\t<meta name=\"twitter:label2\" content=\"Est. reading time\" \/>\n\t<meta name=\"twitter:data2\" content=\"1 minute\" \/>\n<script type=\"application\/ld+json\" class=\"yoast-schema-graph\">{\"@context\":\"https:\/\/schema.org\",\"@graph\":[{\"@type\":\"Article\",\"@id\":\"https:\/\/ivansiller.com\/en\/uncategorized\/vianoce-s-ricercatou-adrian-democ-vo-svetovej-premiere\/#article\",\"isPartOf\":{\"@id\":\"https:\/\/ivansiller.com\/en\/uncategorized\/vianoce-s-ricercatou-adrian-democ-vo-svetovej-premiere\/\"},\"author\":{\"name\":\"Katka Uhrov\u00e1\",\"@id\":\"https:\/\/ivansiller.com\/en\/#\/schema\/person\/3e730b3d094c3f1bbb18ca6bd1f1e7ad\"},\"headline\":\"Adri\u00e1n Demo\u010d in World Premiere\",\"datePublished\":\"2019-12-12T12:37:32+00:00\",\"dateModified\":\"2020-06-01T22:45:58+00:00\",\"mainEntityOfPage\":{\"@id\":\"https:\/\/ivansiller.com\/en\/uncategorized\/vianoce-s-ricercatou-adrian-democ-vo-svetovej-premiere\/\"},\"wordCount\":261,\"publisher\":{\"@id\":\"https:\/\/ivansiller.com\/en\/#organization\"},\"image\":{\"@id\":\"https:\/\/ivansiller.com\/en\/uncategorized\/vianoce-s-ricercatou-adrian-democ-vo-svetovej-premiere\/#primaryimage\"},\"thumbnailUrl\":\"https:\/\/ivansiller.com\/wp-content\/uploads\/intermezzo-4-2.jpg\",\"inLanguage\":\"en-US\"},{\"@type\":\"WebPage\",\"@id\":\"https:\/\/ivansiller.com\/en\/uncategorized\/vianoce-s-ricercatou-adrian-democ-vo-svetovej-premiere\/\",\"url\":\"https:\/\/ivansiller.com\/en\/uncategorized\/vianoce-s-ricercatou-adrian-democ-vo-svetovej-premiere\/\",\"name\":\"Adri\u00e1n Demo\u010d in World Premiere - Ivan \u0160iller\",\"isPartOf\":{\"@id\":\"https:\/\/ivansiller.com\/en\/#website\"},\"primaryImageOfPage\":{\"@id\":\"https:\/\/ivansiller.com\/en\/uncategorized\/vianoce-s-ricercatou-adrian-democ-vo-svetovej-premiere\/#primaryimage\"},\"image\":{\"@id\":\"https:\/\/ivansiller.com\/en\/uncategorized\/vianoce-s-ricercatou-adrian-democ-vo-svetovej-premiere\/#primaryimage\"},\"thumbnailUrl\":\"https:\/\/ivansiller.com\/wp-content\/uploads\/intermezzo-4-2.jpg\",\"datePublished\":\"2019-12-12T12:37:32+00:00\",\"dateModified\":\"2020-06-01T22:45:58+00:00\",\"breadcrumb\":{\"@id\":\"https:\/\/ivansiller.com\/en\/uncategorized\/vianoce-s-ricercatou-adrian-democ-vo-svetovej-premiere\/#breadcrumb\"},\"inLanguage\":\"en-US\",\"potentialAction\":[{\"@type\":\"ReadAction\",\"target\":[\"https:\/\/ivansiller.com\/en\/uncategorized\/vianoce-s-ricercatou-adrian-democ-vo-svetovej-premiere\/\"]}]},{\"@type\":\"ImageObject\",\"inLanguage\":\"en-US\",\"@id\":\"https:\/\/ivansiller.com\/en\/uncategorized\/vianoce-s-ricercatou-adrian-democ-vo-svetovej-premiere\/#primaryimage\",\"url\":\"https:\/\/ivansiller.com\/wp-content\/uploads\/intermezzo-4-2.jpg\",\"contentUrl\":\"https:\/\/ivansiller.com\/wp-content\/uploads\/intermezzo-4-2.jpg\",\"width\":1200,\"height\":801},{\"@type\":\"BreadcrumbList\",\"@id\":\"https:\/\/ivansiller.com\/en\/uncategorized\/vianoce-s-ricercatou-adrian-democ-vo-svetovej-premiere\/#breadcrumb\",\"itemListElement\":[{\"@type\":\"ListItem\",\"position\":1,\"name\":\"Home\",\"item\":\"https:\/\/ivansiller.com\/en\/\"},{\"@type\":\"ListItem\",\"position\":2,\"name\":\"Adri\u00e1n Demo\u010d in World Premiere\"}]},{\"@type\":\"WebSite\",\"@id\":\"https:\/\/ivansiller.com\/en\/#website\",\"url\":\"https:\/\/ivansiller.com\/en\/\",\"name\":\"Ivan \u0160iller\",\"description\":\"hudobn\u00edk, klavirista, organiz\u00e1tor, pedag\u00f3g\",\"publisher\":{\"@id\":\"https:\/\/ivansiller.com\/en\/#organization\"},\"potentialAction\":[{\"@type\":\"SearchAction\",\"target\":{\"@type\":\"EntryPoint\",\"urlTemplate\":\"https:\/\/ivansiller.com\/en\/?s={search_term_string}\"},\"query-input\":\"required name=search_term_string\"}],\"inLanguage\":\"en-US\"},{\"@type\":\"Organization\",\"@id\":\"https:\/\/ivansiller.com\/en\/#organization\",\"name\":\"Ivan \u0160iller\",\"url\":\"https:\/\/ivansiller.com\/en\/\",\"logo\":{\"@type\":\"ImageObject\",\"inLanguage\":\"en-US\",\"@id\":\"https:\/\/ivansiller.com\/en\/#\/schema\/logo\/image\/\",\"url\":\"https:\/\/ivansiller.com\/wp-content\/uploads\/ivan1-1.png\",\"contentUrl\":\"https:\/\/ivansiller.com\/wp-content\/uploads\/ivan1-1.png\",\"width\":600,\"height\":600,\"caption\":\"Ivan \u0160iller\"},\"image\":{\"@id\":\"https:\/\/ivansiller.com\/en\/#\/schema\/logo\/image\/\"},\"sameAs\":[\"https:\/\/www.facebook.com\/ivan.siller.1\",\"https:\/\/x.com\/siller_pianist\"]},{\"@type\":\"Person\",\"@id\":\"https:\/\/ivansiller.com\/en\/#\/schema\/person\/3e730b3d094c3f1bbb18ca6bd1f1e7ad\",\"name\":\"Katka Uhrov\u00e1\",\"image\":{\"@type\":\"ImageObject\",\"inLanguage\":\"en-US\",\"@id\":\"https:\/\/ivansiller.com\/en\/#\/schema\/person\/image\/\",\"url\":\"https:\/\/secure.gravatar.com\/avatar\/0595aed3e43e1626a569acda521b3183?s=96&d=mm&r=g\",\"contentUrl\":\"https:\/\/secure.gravatar.com\/avatar\/0595aed3e43e1626a569acda521b3183?s=96&d=mm&r=g\",\"caption\":\"Katka Uhrov\u00e1\"},\"url\":\"https:\/\/ivansiller.com\/en\/author\/katkau\/\"}]}<\/script>\n<!-- \/ Yoast SEO plugin. -->","yoast_head_json":{"title":"Adri\u00e1n Demo\u010d in World Premiere - Ivan \u0160iller","robots":{"index":"index","follow":"follow","max-snippet":"max-snippet:-1","max-image-preview":"max-image-preview:large","max-video-preview":"max-video-preview:-1"},"canonical":"https:\/\/ivansiller.com\/en\/uncategorized\/vianoce-s-ricercatou-adrian-democ-vo-svetovej-premiere\/","og_locale":"en_US","og_type":"article","og_title":"Adri\u00e1n Demo\u010d in World Premiere - Ivan \u0160iller","og_description":"On December 19th, Ensemble Ricercata is going to premiere two pieces by Adri\u00e1n Demo\u010d, a Slovak composer.","og_url":"https:\/\/ivansiller.com\/en\/uncategorized\/vianoce-s-ricercatou-adrian-democ-vo-svetovej-premiere\/","og_site_name":"Ivan \u0160iller","article_publisher":"https:\/\/www.facebook.com\/ivan.siller.1","article_published_time":"2019-12-12T12:37:32+00:00","article_modified_time":"2020-06-01T22:45:58+00:00","og_image":[{"width":1200,"height":801,"url":"https:\/\/ivansiller.com\/wp-content\/uploads\/intermezzo-4-2.jpg","type":"image\/jpeg"}],"author":"Katka Uhrov\u00e1","twitter_card":"summary_large_image","twitter_creator":"@siller_pianist","twitter_site":"@siller_pianist","twitter_misc":{"Written by":"Katka Uhrov\u00e1","Est. reading time":"1 minute"},"schema":{"@context":"https:\/\/schema.org","@graph":[{"@type":"Article","@id":"https:\/\/ivansiller.com\/en\/uncategorized\/vianoce-s-ricercatou-adrian-democ-vo-svetovej-premiere\/#article","isPartOf":{"@id":"https:\/\/ivansiller.com\/en\/uncategorized\/vianoce-s-ricercatou-adrian-democ-vo-svetovej-premiere\/"},"author":{"name":"Katka Uhrov\u00e1","@id":"https:\/\/ivansiller.com\/en\/#\/schema\/person\/3e730b3d094c3f1bbb18ca6bd1f1e7ad"},"headline":"Adri\u00e1n Demo\u010d in World Premiere","datePublished":"2019-12-12T12:37:32+00:00","dateModified":"2020-06-01T22:45:58+00:00","mainEntityOfPage":{"@id":"https:\/\/ivansiller.com\/en\/uncategorized\/vianoce-s-ricercatou-adrian-democ-vo-svetovej-premiere\/"},"wordCount":261,"publisher":{"@id":"https:\/\/ivansiller.com\/en\/#organization"},"image":{"@id":"https:\/\/ivansiller.com\/en\/uncategorized\/vianoce-s-ricercatou-adrian-democ-vo-svetovej-premiere\/#primaryimage"},"thumbnailUrl":"https:\/\/ivansiller.com\/wp-content\/uploads\/intermezzo-4-2.jpg","inLanguage":"en-US"},{"@type":"WebPage","@id":"https:\/\/ivansiller.com\/en\/uncategorized\/vianoce-s-ricercatou-adrian-democ-vo-svetovej-premiere\/","url":"https:\/\/ivansiller.com\/en\/uncategorized\/vianoce-s-ricercatou-adrian-democ-vo-svetovej-premiere\/","name":"Adri\u00e1n Demo\u010d in World Premiere - Ivan \u0160iller","isPartOf":{"@id":"https:\/\/ivansiller.com\/en\/#website"},"primaryImageOfPage":{"@id":"https:\/\/ivansiller.com\/en\/uncategorized\/vianoce-s-ricercatou-adrian-democ-vo-svetovej-premiere\/#primaryimage"},"image":{"@id":"https:\/\/ivansiller.com\/en\/uncategorized\/vianoce-s-ricercatou-adrian-democ-vo-svetovej-premiere\/#primaryimage"},"thumbnailUrl":"https:\/\/ivansiller.com\/wp-content\/uploads\/intermezzo-4-2.jpg","datePublished":"2019-12-12T12:37:32+00:00","dateModified":"2020-06-01T22:45:58+00:00","breadcrumb":{"@id":"https:\/\/ivansiller.com\/en\/uncategorized\/vianoce-s-ricercatou-adrian-democ-vo-svetovej-premiere\/#breadcrumb"},"inLanguage":"en-US","potentialAction":[{"@type":"ReadAction","target":["https:\/\/ivansiller.com\/en\/uncategorized\/vianoce-s-ricercatou-adrian-democ-vo-svetovej-premiere\/"]}]},{"@type":"ImageObject","inLanguage":"en-US","@id":"https:\/\/ivansiller.com\/en\/uncategorized\/vianoce-s-ricercatou-adrian-democ-vo-svetovej-premiere\/#primaryimage","url":"https:\/\/ivansiller.com\/wp-content\/uploads\/intermezzo-4-2.jpg","contentUrl":"https:\/\/ivansiller.com\/wp-content\/uploads\/intermezzo-4-2.jpg","width":1200,"height":801},{"@type":"BreadcrumbList","@id":"https:\/\/ivansiller.com\/en\/uncategorized\/vianoce-s-ricercatou-adrian-democ-vo-svetovej-premiere\/#breadcrumb","itemListElement":[{"@type":"ListItem","position":1,"name":"Home","item":"https:\/\/ivansiller.com\/en\/"},{"@type":"ListItem","position":2,"name":"Adri\u00e1n Demo\u010d in World Premiere"}]},{"@type":"WebSite","@id":"https:\/\/ivansiller.com\/en\/#website","url":"https:\/\/ivansiller.com\/en\/","name":"Ivan \u0160iller","description":"hudobn\u00edk, klavirista, organiz\u00e1tor, pedag\u00f3g","publisher":{"@id":"https:\/\/ivansiller.com\/en\/#organization"},"potentialAction":[{"@type":"SearchAction","target":{"@type":"EntryPoint","urlTemplate":"https:\/\/ivansiller.com\/en\/?s={search_term_string}"},"query-input":"required name=search_term_string"}],"inLanguage":"en-US"},{"@type":"Organization","@id":"https:\/\/ivansiller.com\/en\/#organization","name":"Ivan \u0160iller","url":"https:\/\/ivansiller.com\/en\/","logo":{"@type":"ImageObject","inLanguage":"en-US","@id":"https:\/\/ivansiller.com\/en\/#\/schema\/logo\/image\/","url":"https:\/\/ivansiller.com\/wp-content\/uploads\/ivan1-1.png","contentUrl":"https:\/\/ivansiller.com\/wp-content\/uploads\/ivan1-1.png","width":600,"height":600,"caption":"Ivan \u0160iller"},"image":{"@id":"https:\/\/ivansiller.com\/en\/#\/schema\/logo\/image\/"},"sameAs":["https:\/\/www.facebook.com\/ivan.siller.1","https:\/\/x.com\/siller_pianist"]},{"@type":"Person","@id":"https:\/\/ivansiller.com\/en\/#\/schema\/person\/3e730b3d094c3f1bbb18ca6bd1f1e7ad","name":"Katka Uhrov\u00e1","image":{"@type":"ImageObject","inLanguage":"en-US","@id":"https:\/\/ivansiller.com\/en\/#\/schema\/person\/image\/","url":"https:\/\/secure.gravatar.com\/avatar\/0595aed3e43e1626a569acda521b3183?s=96&d=mm&r=g","contentUrl":"https:\/\/secure.gravatar.com\/avatar\/0595aed3e43e1626a569acda521b3183?s=96&d=mm&r=g","caption":"Katka Uhrov\u00e1"},"url":"https:\/\/ivansiller.com\/en\/author\/katkau\/"}]}},"builder_content":"","_links":{"self":[{"href":"https:\/\/ivansiller.com\/en\/wp-json\/wp\/v2\/posts\/6197","targetHints":{"allow":["GET"]}}],"collection":[{"href":"https:\/\/ivansiller.com\/en\/wp-json\/wp\/v2\/posts"}],"about":[{"href":"https:\/\/ivansiller.com\/en\/wp-json\/wp\/v2\/types\/post"}],"author":[{"embeddable":true,"href":"https:\/\/ivansiller.com\/en\/wp-json\/wp\/v2\/users\/2"}],"replies":[{"embeddable":true,"href":"https:\/\/ivansiller.com\/en\/wp-json\/wp\/v2\/comments?post=6197"}],"version-history":[{"count":5,"href":"https:\/\/ivansiller.com\/en\/wp-json\/wp\/v2\/posts\/6197\/revisions"}],"predecessor-version":[{"id":6567,"href":"https:\/\/ivansiller.com\/en\/wp-json\/wp\/v2\/posts\/6197\/revisions\/6567"}],"wp:featuredmedia":[{"embeddable":true,"href":"https:\/\/ivansiller.com\/en\/wp-json\/wp\/v2\/media\/3889"}],"wp:attachment":[{"href":"https:\/\/ivansiller.com\/en\/wp-json\/wp\/v2\/media?parent=6197"}],"wp:term":[{"taxonomy":"category","embeddable":true,"href":"https:\/\/ivansiller.com\/en\/wp-json\/wp\/v2\/categories?post=6197"},{"taxonomy":"post_tag","embeddable":true,"href":"https:\/\/ivansiller.com\/en\/wp-json\/wp\/v2\/tags?post=6197"}],"curies":[{"name":"wp","href":"https:\/\/api.w.org\/{rel}","templated":true}]}}